{"id":1071,"global_id":"umcoletivo.pt\/en?id=1071","global_id_lineage":["umcoletivo.pt\/en?id=1071"],"author":"1","status":"publish","date":"2025-01-22 11:46:57","date_utc":"2025-01-22 11:46:57","modified":"2025-01-22 11:46:57","modified_utc":"2025-01-22 11:46:57","url":"https:\/\/umcoletivo.pt\/en\/evento\/penelope-i-academia-de-musica-e-belas-artes-luisa-todi-setubal\/","rest_url":"https:\/\/umcoletivo.pt\/en\/wp-json\/tribe\/events\/v1\/events\/1071","title":"Penelope I &#8211; Academia de M\u00fasica e Belas Artes Lu\u00edsa Todi, Set\u00fabal","description":"","excerpt":"","slug":"penelope-i-academia-de-musica-e-belas-artes-luisa-todi-setubal","image":false,"all_day":true,"start_date":"2025-03-11 00:00:00","start_date_details":{"year":"2025","month":"03","day":"11","hour":"00","minutes":"00","seconds":"00"},"end_date":"2025-03-11 23:59:59","end_date_details":{"year":"2025","month":"03","day":"11","hour":"23","minutes":"59","seconds":"59"},"utc_start_date":"2025-03-11 00:00:00","utc_start_date_details":{"year":"2025","month":"03","day":"11","hour":"00","minutes":"00","seconds":"00"},"utc_end_date":"2025-03-11 23:59:59","utc_end_date_details":{"year":"2025","month":"03","day":"11","hour":"23","minutes":"59","seconds":"59"},"timezone":"UTC+0","timezone_abbr":"UTC+0","cost":"","cost_details":{"currency_symbol":"\u20ac","currency_code":"EUR","currency_position":"suffix","values":[]},"website":"","show_map":false,"show_map_link":true,"hide_from_listings":false,"sticky":false,"featured":false,"categories":[],"tags":[],"venue":[],"organizer":[],"custom_fields":[],"json_ld":{"@context":"http:\/\/schema.org","@type":"Event","name":"Penelope I &#8211; Academia de M\u00fasica e Belas Artes Lu\u00edsa Todi, Set\u00fabal","description":"","url":"https:\/\/umcoletivo.pt\/en\/evento\/penelope-i-academia-de-musica-e-belas-artes-luisa-todi-setubal\/","eventAttendanceMode":"https:\/\/schema.org\/OfflineEventAttendanceMode","eventStatus":"https:\/\/schema.org\/EventScheduled","startDate":"2025-03-11T00:00:00+00:00","endDate":"2025-03-11T23:59:59+00:00","performer":"Organization"},"is_virtual":false,"virtual_url":null,"virtual_video_source":""}